{"id":1680,"date":"2026-01-27T13:16:56","date_gmt":"2026-01-27T13:16:56","guid":{"rendered":"https:\/\/www.soledadedeminas.mg.gov.br\/v1\/?p=1680"},"modified":"2026-01-27T13:35:33","modified_gmt":"2026-01-27T13:35:33","slug":"convite-pre-conferencia-municipal-de-saude","status":"publish","type":"post","link":"https:\/\/www.soledadedeminas.mg.gov.br\/v1\/convite-pre-conferencia-municipal-de-saude\/","title":{"rendered":"Convite: Pr\u00e9-confer\u00eancia Municipal de Sa\u00fade"},"content":{"rendered":"<p><div class=\"fusion-fullwidth fullwidth-box fusion-builder-row-1 fusion-flex-container nonhundred-percent-fullwidth non-hundred-percent-height-scrolling\" style=\"background-color: rgba(255,255,255,0);background-position: center center;background-repeat: no-repeat;border-width: 0px 0px 0px 0px;border-color:#e2e2e2;border-style:solid;\" ><div class=\"fusion-builder-row fusion-row fusion-flex-align-items-flex-start\" style=\"max-width:1185.6px;margin-left: calc(-4% \/ 2 );margin-right: calc(-4% \/ 2 );\"><div class=\"fusion-layout-column fusion_builder_column fusion-builder-column-0 fusion_builder_column_1_2 1_2 fusion-flex-column\"><div class=\"fusion-column-wrapper fusion-flex-justify-content-flex-start fusion-content-layout-column\" style=\"background-position:left top;background-repeat:no-repeat;-webkit-background-size:cover;-moz-background-size:cover;-o-background-size:cover;background-size:cover;padding: 0px 0px 0px 0px;\"><div class=\"fusion-text fusion-text-1\"><p><img class=\"alignnone size-full wp-image-1681\" src=\"https:\/\/www.soledadedeminas.mg.gov.br\/v1\/wp-content\/uploads\/2026\/01\/WhatsApp-Image-2026-01-27-at-09.20.18.jpeg\" alt=\"\" width=\"992\" height=\"1317\" srcset=\"https:\/\/www.soledadedeminas.mg.gov.br\/v1\/wp-content\/uploads\/2026\/01\/WhatsApp-Image-2026-01-27-at-09.20.18-200x266.jpeg 200w, https:\/\/www.soledadedeminas.mg.gov.br\/v1\/wp-content\/uploads\/2026\/01\/WhatsApp-Image-2026-01-27-at-09.20.18-226x300.jpeg 226w, https:\/\/www.soledadedeminas.mg.gov.br\/v1\/wp-content\/uploads\/2026\/01\/WhatsApp-Image-2026-01-27-at-09.20.18-400x531.jpeg 400w, https:\/\/www.soledadedeminas.mg.gov.br\/v1\/wp-content\/uploads\/2026\/01\/WhatsApp-Image-2026-01-27-at-09.20.18-600x797.jpeg 600w, https:\/\/www.soledadedeminas.mg.gov.br\/v1\/wp-content\/uploads\/2026\/01\/WhatsApp-Image-2026-01-27-at-09.20.18-768x1020.jpeg 768w, https:\/\/www.soledadedeminas.mg.gov.br\/v1\/wp-content\/uploads\/2026\/01\/WhatsApp-Image-2026-01-27-at-09.20.18-771x1024.jpeg 771w, https:\/\/www.soledadedeminas.mg.gov.br\/v1\/wp-content\/uploads\/2026\/01\/WhatsApp-Image-2026-01-27-at-09.20.18-800x1062.jpeg 800w, https:\/\/www.soledadedeminas.mg.gov.br\/v1\/wp-content\/uploads\/2026\/01\/WhatsApp-Image-2026-01-27-at-09.20.18.jpeg 992w\" sizes=\"(max-width: 992px) 100vw, 992px\" \/><\/p>\n<\/div><\/div><style type=\"text\/css\">.fusion-body .fusion-builder-column-0{width:50% !important;margin-top : 0px;margin-bottom : 20px;}.fusion-builder-column-0 > .fusion-column-wrapper {padding-top : 0px !important;padding-right : 0px !important;margin-right : 3.84%;padding-bottom : 0px !important;padding-left : 0px !important;margin-left : 3.84%;}@media only screen and (max-width:1024px) {.fusion-body .fusion-builder-column-0{width:100% !important;order : 0;}.fusion-builder-column-0 > .fusion-column-wrapper {margin-right : 1.92%;margin-left : 1.92%;}}@media only screen and (max-width:640px) {.fusion-body .fusion-builder-column-0{width:100% !important;order : 0;}.fusion-builder-column-0 > .fusion-column-wrapper {margin-right : 1.92%;margin-left : 1.92%;}}<\/style><\/div><div class=\"fusion-layout-column fusion_builder_column fusion-builder-column-1 fusion_builder_column_1_2 1_2 fusion-flex-column\"><div class=\"fusion-column-wrapper fusion-flex-justify-content-flex-start fusion-content-layout-column\" style=\"background-position:left top;background-repeat:no-repeat;-webkit-background-size:cover;-moz-background-size:cover;-o-background-size:cover;background-size:cover;padding: 0px 0px 0px 0px;\"><div class=\"fusion-text fusion-text-2\"><p><strong>USU\u00c1RIOS DO CENTRO<\/strong><br \/>\n<strong>Data:<\/strong> 28 de janeiro de 2026 \u00e0s 09h<br \/>\n<strong>Local:<\/strong> Escola Municipal Quintino Vieira<\/p>\n<\/div><div ><style type=\"text\/css\">.fusion-button.button-1 {border-radius:5px;}<\/style><a class=\"fusion-button button-flat button-medium button-default button-1 fusion-button-default-span \" target=\"_blank\" rel=\"noopener noreferrer\" href=\"https:\/\/www.soledadedeminas.mg.gov.br\/v1\/download\/decretos_-_2026\/Decreto-3311..pdf\"><span class=\"fusion-button-text\">Download do Decreto 3311\/2026<\/span><\/a><\/div><\/div><style type=\"text\/css\">.fusion-body .fusion-builder-column-1{width:50% !important;margin-top : 0px;margin-bottom : 20px;}.fusion-builder-column-1 > .fusion-column-wrapper {padding-top : 0px !important;padding-right : 0px !important;margin-right : 3.84%;padding-bottom : 0px !important;padding-left : 0px !important;margin-left : 3.84%;}@media only screen and (max-width:1024px) {.fusion-body .fusion-builder-column-1{width:100% !important;order : 0;}.fusion-builder-column-1 > .fusion-column-wrapper {margin-right : 1.92%;margin-left : 1.92%;}}@media only screen and (max-width:640px) {.fusion-body .fusion-builder-column-1{width:100% !important;order : 0;}.fusion-builder-column-1 > .fusion-column-wrapper {margin-right : 1.92%;margin-left : 1.92%;}}<\/style><\/div><\/div><style type=\"text\/css\">.fusion-body .fusion-flex-container.fusion-builder-row-1{ padding-top : 0px;margin-top : 0px;padding-right : 0px;padding-bottom : 0px;margin-bottom : 0px;padding-left : 0px;}<\/style><\/div><div class=\"fusion-fullwidth fullwidth-box fusion-builder-row-2 fusion-flex-container nonhundred-percent-fullwidth non-hundred-percent-height-scrolling\" style=\"background-color: rgba(255,255,255,0);background-position: center center;background-repeat: no-repeat;border-width: 0px 0px 0px 0px;border-color:#e2e2e2;border-style:solid;\" ><div class=\"fusion-builder-row fusion-row fusion-flex-align-items-flex-start\" style=\"max-width:1185.6px;margin-left: calc(-4% \/ 2 );margin-right: calc(-4% \/ 2 );\"><div class=\"fusion-layout-column fusion_builder_column fusion-builder-column-2 fusion_builder_column_1_2 1_2 fusion-flex-column\"><div class=\"fusion-column-wrapper fusion-flex-justify-content-flex-start fusion-content-layout-column\" style=\"background-position:left top;background-repeat:no-repeat;-webkit-background-size:cover;-moz-background-size:cover;-o-background-size:cover;background-size:cover;padding: 0px 0px 0px 0px;\"><div class=\"fusion-text fusion-text-3\"><p><img class=\"alignnone size-full wp-image-1682\" src=\"https:\/\/www.soledadedeminas.mg.gov.br\/v1\/wp-content\/uploads\/2026\/01\/WhatsApp-Image-2026-01-27-at-09.20.19.jpeg\" alt=\"\" width=\"1199\" height=\"1600\" srcset=\"https:\/\/www.soledadedeminas.mg.gov.br\/v1\/wp-content\/uploads\/2026\/01\/WhatsApp-Image-2026-01-27-at-09.20.19-200x267.jpeg 200w, https:\/\/www.soledadedeminas.mg.gov.br\/v1\/wp-content\/uploads\/2026\/01\/WhatsApp-Image-2026-01-27-at-09.20.19-225x300.jpeg 225w, https:\/\/www.soledadedeminas.mg.gov.br\/v1\/wp-content\/uploads\/2026\/01\/WhatsApp-Image-2026-01-27-at-09.20.19-400x534.jpeg 400w, https:\/\/www.soledadedeminas.mg.gov.br\/v1\/wp-content\/uploads\/2026\/01\/WhatsApp-Image-2026-01-27-at-09.20.19-600x801.jpeg 600w, https:\/\/www.soledadedeminas.mg.gov.br\/v1\/wp-content\/uploads\/2026\/01\/WhatsApp-Image-2026-01-27-at-09.20.19-767x1024.jpeg 767w, https:\/\/www.soledadedeminas.mg.gov.br\/v1\/wp-content\/uploads\/2026\/01\/WhatsApp-Image-2026-01-27-at-09.20.19-768x1025.jpeg 768w, https:\/\/www.soledadedeminas.mg.gov.br\/v1\/wp-content\/uploads\/2026\/01\/WhatsApp-Image-2026-01-27-at-09.20.19-800x1068.jpeg 800w, https:\/\/www.soledadedeminas.mg.gov.br\/v1\/wp-content\/uploads\/2026\/01\/WhatsApp-Image-2026-01-27-at-09.20.19-1151x1536.jpeg 1151w, https:\/\/www.soledadedeminas.mg.gov.br\/v1\/wp-content\/uploads\/2026\/01\/WhatsApp-Image-2026-01-27-at-09.20.19.jpeg 1199w\" sizes=\"(max-width: 1199px) 100vw, 1199px\" \/><\/p>\n<\/div><\/div><style type=\"text\/css\">.fusion-body .fusion-builder-column-2{width:50% !important;margin-top : 0px;margin-bottom : 20px;}.fusion-builder-column-2 > .fusion-column-wrapper {padding-top : 0px !important;padding-right : 0px !important;margin-right : 3.84%;padding-bottom : 0px !important;padding-left : 0px !important;margin-left : 3.84%;}@media only screen and (max-width:1024px) {.fusion-body .fusion-builder-column-2{width:100% !important;order : 0;}.fusion-builder-column-2 > .fusion-column-wrapper {margin-right : 1.92%;margin-left : 1.92%;}}@media only screen and (max-width:640px) {.fusion-body .fusion-builder-column-2{width:100% !important;order : 0;}.fusion-builder-column-2 > .fusion-column-wrapper {margin-right : 1.92%;margin-left : 1.92%;}}<\/style><\/div><div class=\"fusion-layout-column fusion_builder_column fusion-builder-column-3 fusion_builder_column_1_2 1_2 fusion-flex-column\"><div class=\"fusion-column-wrapper fusion-flex-justify-content-flex-start fusion-content-layout-column\" style=\"background-position:left top;background-repeat:no-repeat;-webkit-background-size:cover;-moz-background-size:cover;-o-background-size:cover;background-size:cover;padding: 0px 0px 0px 0px;\"><div class=\"fusion-text fusion-text-4\"><p><strong>TRABALHADORES DA SA\u00daDE E PRESTADORES DE SERVI\u00c7OS DA SA\u00daDE<\/strong><br \/>\n<strong>Data:<\/strong> 29 de janeiro de 2026 \u00e0s 09h<br \/>\n<strong>Local:<\/strong> UBS Jamil Murad<\/p>\n<\/div><div ><style type=\"text\/css\">.fusion-button.button-2 {border-radius:5px;}<\/style><a class=\"fusion-button button-flat button-medium button-default button-2 fusion-button-default-span \" target=\"_blank\" rel=\"noopener noreferrer\" href=\"https:\/\/www.soledadedeminas.mg.gov.br\/v1\/download\/decretos_-_2026\/Decreto-3311..pdf\"><span class=\"fusion-button-text\">Download do Decreto 3311\/2026<\/span><\/a><\/div><\/div><style type=\"text\/css\">.fusion-body .fusion-builder-column-3{width:50% !important;margin-top : 0px;margin-bottom : 20px;}.fusion-builder-column-3 > .fusion-column-wrapper {padding-top : 0px !important;padding-right : 0px !important;margin-right : 3.84%;padding-bottom : 0px !important;padding-left : 0px !important;margin-left : 3.84%;}@media only screen and (max-width:1024px) {.fusion-body .fusion-builder-column-3{width:100% !important;order : 0;}.fusion-builder-column-3 > .fusion-column-wrapper {margin-right : 1.92%;margin-left : 1.92%;}}@media only screen and (max-width:640px) {.fusion-body .fusion-builder-column-3{width:100% !important;order : 0;}.fusion-builder-column-3 > .fusion-column-wrapper {margin-right : 1.92%;margin-left : 1.92%;}}<\/style><\/div><\/div><style type=\"text\/css\">.fusion-body .fusion-flex-container.fusion-builder-row-2{ padding-top : 0px;margin-top : 0px;padding-right : 0px;padding-bottom : 0px;margin-bottom : 0px;padding-left : 0px;}<\/style><\/div><div class=\"fusion-fullwidth fullwidth-box fusion-builder-row-3 fusion-flex-container nonhundred-percent-fullwidth non-hundred-percent-height-scrolling\" style=\"background-color: rgba(255,255,255,0);background-position: center center;background-repeat: no-repeat;border-width: 0px 0px 0px 0px;border-color:#e2e2e2;border-style:solid;\" ><div class=\"fusion-builder-row fusion-row fusion-flex-align-items-flex-start\" style=\"max-width:1185.6px;margin-left: calc(-4% \/ 2 );margin-right: calc(-4% \/ 2 );\"><div class=\"fusion-layout-column fusion_builder_column fusion-builder-column-4 fusion_builder_column_1_2 1_2 fusion-flex-column\"><div class=\"fusion-column-wrapper fusion-flex-justify-content-flex-start fusion-content-layout-column\" style=\"background-position:left top;background-repeat:no-repeat;-webkit-background-size:cover;-moz-background-size:cover;-o-background-size:cover;background-size:cover;padding: 0px 0px 0px 0px;\"><div class=\"fusion-text fusion-text-5\"><p><img class=\"alignnone size-full wp-image-1683\" src=\"https:\/\/www.soledadedeminas.mg.gov.br\/v1\/wp-content\/uploads\/2026\/01\/WhatsApp-Image-2026-01-27-at-09.20.19-1.jpeg\" alt=\"\" width=\"1199\" height=\"1600\" srcset=\"https:\/\/www.soledadedeminas.mg.gov.br\/v1\/wp-content\/uploads\/2026\/01\/WhatsApp-Image-2026-01-27-at-09.20.19-1-200x267.jpeg 200w, https:\/\/www.soledadedeminas.mg.gov.br\/v1\/wp-content\/uploads\/2026\/01\/WhatsApp-Image-2026-01-27-at-09.20.19-1-225x300.jpeg 225w, https:\/\/www.soledadedeminas.mg.gov.br\/v1\/wp-content\/uploads\/2026\/01\/WhatsApp-Image-2026-01-27-at-09.20.19-1-400x534.jpeg 400w, https:\/\/www.soledadedeminas.mg.gov.br\/v1\/wp-content\/uploads\/2026\/01\/WhatsApp-Image-2026-01-27-at-09.20.19-1-600x801.jpeg 600w, https:\/\/www.soledadedeminas.mg.gov.br\/v1\/wp-content\/uploads\/2026\/01\/WhatsApp-Image-2026-01-27-at-09.20.19-1-767x1024.jpeg 767w, https:\/\/www.soledadedeminas.mg.gov.br\/v1\/wp-content\/uploads\/2026\/01\/WhatsApp-Image-2026-01-27-at-09.20.19-1-768x1025.jpeg 768w, https:\/\/www.soledadedeminas.mg.gov.br\/v1\/wp-content\/uploads\/2026\/01\/WhatsApp-Image-2026-01-27-at-09.20.19-1-800x1068.jpeg 800w, https:\/\/www.soledadedeminas.mg.gov.br\/v1\/wp-content\/uploads\/2026\/01\/WhatsApp-Image-2026-01-27-at-09.20.19-1-1151x1536.jpeg 1151w, https:\/\/www.soledadedeminas.mg.gov.br\/v1\/wp-content\/uploads\/2026\/01\/WhatsApp-Image-2026-01-27-at-09.20.19-1.jpeg 1199w\" sizes=\"(max-width: 1199px) 100vw, 1199px\" \/><\/p>\n<\/div><\/div><style type=\"text\/css\">.fusion-body .fusion-builder-column-4{width:50% !important;margin-top : 0px;margin-bottom : 20px;}.fusion-builder-column-4 > .fusion-column-wrapper {padding-top : 0px !important;padding-right : 0px !important;margin-right : 3.84%;padding-bottom : 0px !important;padding-left : 0px !important;margin-left : 3.84%;}@media only screen and (max-width:1024px) {.fusion-body .fusion-builder-column-4{width:100% !important;order : 0;}.fusion-builder-column-4 > .fusion-column-wrapper {margin-right : 1.92%;margin-left : 1.92%;}}@media only screen and (max-width:640px) {.fusion-body .fusion-builder-column-4{width:100% !important;order : 0;}.fusion-builder-column-4 > .fusion-column-wrapper {margin-right : 1.92%;margin-left : 1.92%;}}<\/style><\/div><div class=\"fusion-layout-column fusion_builder_column fusion-builder-column-5 fusion_builder_column_1_2 1_2 fusion-flex-column\"><div class=\"fusion-column-wrapper fusion-flex-justify-content-flex-start fusion-content-layout-column\" style=\"background-position:left top;background-repeat:no-repeat;-webkit-background-size:cover;-moz-background-size:cover;-o-background-size:cover;background-size:cover;padding: 0px 0px 0px 0px;\"><div class=\"fusion-text fusion-text-6\"><p><strong>USU\u00c1RIOS DO BAIRRO RURAL: PAIOL<\/strong><br \/>\n<strong>Data:<\/strong> 04 de fevereiro de 2026 \u00e0s 9h<br \/>\n<strong>Local:<\/strong> Associa\u00e7\u00e3o de Moradores<\/p>\n<\/div><div ><style type=\"text\/css\">.fusion-button.button-3 {border-radius:5px;}<\/style><a class=\"fusion-button button-flat button-medium button-default button-3 fusion-button-default-span \" target=\"_blank\" rel=\"noopener noreferrer\" href=\"https:\/\/www.soledadedeminas.mg.gov.br\/v1\/download\/decretos_-_2026\/Decreto-3311..pdf\"><span class=\"fusion-button-text\">Download do Decreto 3311\/2026<\/span><\/a><\/div><\/div><style type=\"text\/css\">.fusion-body .fusion-builder-column-5{width:50% !important;margin-top : 0px;margin-bottom : 20px;}.fusion-builder-column-5 > .fusion-column-wrapper {padding-top : 0px !important;padding-right : 0px !important;margin-right : 3.84%;padding-bottom : 0px !important;padding-left : 0px !important;margin-left : 3.84%;}@media only screen and (max-width:1024px) {.fusion-body .fusion-builder-column-5{width:100% !important;order : 0;}.fusion-builder-column-5 > .fusion-column-wrapper {margin-right : 1.92%;margin-left : 1.92%;}}@media only screen and (max-width:640px) {.fusion-body .fusion-builder-column-5{width:100% !important;order : 0;}.fusion-builder-column-5 > .fusion-column-wrapper {margin-right : 1.92%;margin-left : 1.92%;}}<\/style><\/div><\/div><style type=\"text\/css\">.fusion-body .fusion-flex-container.fusion-builder-row-3{ padding-top : 0px;margin-top : 0px;padding-right : 0px;padding-bottom : 0px;margin-bottom : 0px;padding-left : 0px;}<\/style><\/div><div class=\"fusion-fullwidth fullwidth-box fusion-builder-row-4 fusion-flex-container nonhundred-percent-fullwidth non-hundred-percent-height-scrolling\" style=\"background-color: rgba(255,255,255,0);background-position: center center;background-repeat: no-repeat;border-width: 0px 0px 0px 0px;border-color:#e2e2e2;border-style:solid;\" ><div class=\"fusion-builder-row fusion-row fusion-flex-align-items-flex-start\" style=\"max-width:1185.6px;margin-left: calc(-4% \/ 2 );margin-right: calc(-4% \/ 2 );\"><div class=\"fusion-layout-column fusion_builder_column fusion-builder-column-6 fusion_builder_column_1_2 1_2 fusion-flex-column\"><div class=\"fusion-column-wrapper fusion-flex-justify-content-flex-start fusion-content-layout-column\" style=\"background-position:left top;background-repeat:no-repeat;-webkit-background-size:cover;-moz-background-size:cover;-o-background-size:cover;background-size:cover;padding: 0px 0px 0px 0px;\"><div class=\"fusion-text fusion-text-7\"><p><img class=\"alignnone size-full wp-image-1684\" src=\"https:\/\/www.soledadedeminas.mg.gov.br\/v1\/wp-content\/uploads\/2026\/01\/WhatsApp-Image-2026-01-27-at-09.20.19-2.jpeg\" alt=\"\" width=\"1199\" height=\"1600\" srcset=\"https:\/\/www.soledadedeminas.mg.gov.br\/v1\/wp-content\/uploads\/2026\/01\/WhatsApp-Image-2026-01-27-at-09.20.19-2-200x267.jpeg 200w, https:\/\/www.soledadedeminas.mg.gov.br\/v1\/wp-content\/uploads\/2026\/01\/WhatsApp-Image-2026-01-27-at-09.20.19-2-225x300.jpeg 225w, https:\/\/www.soledadedeminas.mg.gov.br\/v1\/wp-content\/uploads\/2026\/01\/WhatsApp-Image-2026-01-27-at-09.20.19-2-400x534.jpeg 400w, https:\/\/www.soledadedeminas.mg.gov.br\/v1\/wp-content\/uploads\/2026\/01\/WhatsApp-Image-2026-01-27-at-09.20.19-2-600x801.jpeg 600w, https:\/\/www.soledadedeminas.mg.gov.br\/v1\/wp-content\/uploads\/2026\/01\/WhatsApp-Image-2026-01-27-at-09.20.19-2-767x1024.jpeg 767w, https:\/\/www.soledadedeminas.mg.gov.br\/v1\/wp-content\/uploads\/2026\/01\/WhatsApp-Image-2026-01-27-at-09.20.19-2-768x1025.jpeg 768w, https:\/\/www.soledadedeminas.mg.gov.br\/v1\/wp-content\/uploads\/2026\/01\/WhatsApp-Image-2026-01-27-at-09.20.19-2-800x1068.jpeg 800w, https:\/\/www.soledadedeminas.mg.gov.br\/v1\/wp-content\/uploads\/2026\/01\/WhatsApp-Image-2026-01-27-at-09.20.19-2-1151x1536.jpeg 1151w, https:\/\/www.soledadedeminas.mg.gov.br\/v1\/wp-content\/uploads\/2026\/01\/WhatsApp-Image-2026-01-27-at-09.20.19-2.jpeg 1199w\" sizes=\"(max-width: 1199px) 100vw, 1199px\" \/><\/p>\n<\/div><\/div><style type=\"text\/css\">.fusion-body .fusion-builder-column-6{width:50% !important;margin-top : 0px;margin-bottom : 20px;}.fusion-builder-column-6 > .fusion-column-wrapper {padding-top : 0px !important;padding-right : 0px !important;margin-right : 3.84%;padding-bottom : 0px !important;padding-left : 0px !important;margin-left : 3.84%;}@media only screen and (max-width:1024px) {.fusion-body .fusion-builder-column-6{width:100% !important;order : 0;}.fusion-builder-column-6 > .fusion-column-wrapper {margin-right : 1.92%;margin-left : 1.92%;}}@media only screen and (max-width:640px) {.fusion-body .fusion-builder-column-6{width:100% !important;order : 0;}.fusion-builder-column-6 > .fusion-column-wrapper {margin-right : 1.92%;margin-left : 1.92%;}}<\/style><\/div><div class=\"fusion-layout-column fusion_builder_column fusion-builder-column-7 fusion_builder_column_1_2 1_2 fusion-flex-column\"><div class=\"fusion-column-wrapper fusion-flex-justify-content-flex-start fusion-content-layout-column\" style=\"background-position:left top;background-repeat:no-repeat;-webkit-background-size:cover;-moz-background-size:cover;-o-background-size:cover;background-size:cover;padding: 0px 0px 0px 0px;\"><div class=\"fusion-text fusion-text-8\"><p><strong>USU\u00c1RIOS DO BAIRRO RURAL: MATO DENTRO<\/strong><br \/>\n<strong>Data:<\/strong> 11 de fevereiro de 2026 \u00e0s 9h<br \/>\n<strong>Local:<\/strong> Posto de Sa\u00fade do Mato Dentro<\/p>\n<\/div><div ><style type=\"text\/css\">.fusion-button.button-4 {border-radius:5px;}<\/style><a class=\"fusion-button button-flat button-medium button-default button-4 fusion-button-default-span \" target=\"_blank\" rel=\"noopener noreferrer\" href=\"https:\/\/www.soledadedeminas.mg.gov.br\/v1\/download\/decretos_-_2026\/Decreto-3311..pdf\"><span class=\"fusion-button-text\">Download do Decreto 3311\/2026<\/span><\/a><\/div><\/div><style type=\"text\/css\">.fusion-body .fusion-builder-column-7{width:50% !important;margin-top : 0px;margin-bottom : 20px;}.fusion-builder-column-7 > .fusion-column-wrapper {padding-top : 0px !important;padding-right : 0px !important;margin-right : 3.84%;padding-bottom : 0px !important;padding-left : 0px !important;margin-left : 3.84%;}@media only screen and (max-width:1024px) {.fusion-body .fusion-builder-column-7{width:100% !important;order : 0;}.fusion-builder-column-7 > .fusion-column-wrapper {margin-right : 1.92%;margin-left : 1.92%;}}@media only screen and (max-width:640px) {.fusion-body .fusion-builder-column-7{width:100% !important;order : 0;}.fusion-builder-column-7 > .fusion-column-wrapper {margin-right : 1.92%;margin-left : 1.92%;}}<\/style><\/div><\/div><style type=\"text\/css\">.fusion-body .fusion-flex-container.fusion-builder-row-4{ padding-top : 0px;margin-top : 0px;padding-right : 0px;padding-bottom : 0px;margin-bottom : 0px;padding-left : 0px;}<\/style><\/div><\/p>\n","protected":false},"excerpt":{"rendered":"","protected":false},"author":1,"featured_media":1681,"comment_status":"closed","ping_status":"closed","sticky":false,"template":"","format":"standard","meta":[],"categories":[14],"tags":[],"_links":{"self":[{"href":"https:\/\/www.soledadedeminas.mg.gov.br\/v1\/wp-json\/wp\/v2\/posts\/1680"}],"collection":[{"href":"https:\/\/www.soledadedeminas.mg.gov.br\/v1\/wp-json\/wp\/v2\/posts"}],"about":[{"href":"https:\/\/www.soledadedeminas.mg.gov.br\/v1\/wp-json\/wp\/v2\/types\/post"}],"author":[{"embeddable":true,"href":"https:\/\/www.soledadedeminas.mg.gov.br\/v1\/wp-json\/wp\/v2\/users\/1"}],"replies":[{"embeddable":true,"href":"https:\/\/www.soledadedeminas.mg.gov.br\/v1\/wp-json\/wp\/v2\/comments?post=1680"}],"version-history":[{"count":11,"href":"https:\/\/www.soledadedeminas.mg.gov.br\/v1\/wp-json\/wp\/v2\/posts\/1680\/revisions"}],"predecessor-version":[{"id":1695,"href":"https:\/\/www.soledadedeminas.mg.gov.br\/v1\/wp-json\/wp\/v2\/posts\/1680\/revisions\/1695"}],"wp:featuredmedia":[{"embeddable":true,"href":"https:\/\/www.soledadedeminas.mg.gov.br\/v1\/wp-json\/wp\/v2\/media\/1681"}],"wp:attachment":[{"href":"https:\/\/www.soledadedeminas.mg.gov.br\/v1\/wp-json\/wp\/v2\/media?parent=1680"}],"wp:term":[{"taxonomy":"category","embeddable":true,"href":"https:\/\/www.soledadedeminas.mg.gov.br\/v1\/wp-json\/wp\/v2\/categories?post=1680"},{"taxonomy":"post_tag","embeddable":true,"href":"https:\/\/www.soledadedeminas.mg.gov.br\/v1\/wp-json\/wp\/v2\/tags?post=1680"}],"curies":[{"name":"wp","href":"https:\/\/api.w.org\/{rel}","templated":true}]}}