{"id":1617,"date":"2025-09-01T14:54:06","date_gmt":"2025-09-01T14:54:06","guid":{"rendered":"https:\/\/www.soledadedeminas.mg.gov.br\/v1\/?p=1617"},"modified":"2025-09-01T14:55:48","modified_gmt":"2025-09-01T14:55:48","slug":"realizacao-da-oitiva-sobre-a-lei-aldir-blanc","status":"publish","type":"post","link":"https:\/\/www.soledadedeminas.mg.gov.br\/v1\/realizacao-da-oitiva-sobre-a-lei-aldir-blanc\/","title":{"rendered":"Realiza\u00e7\u00e3o da Oitiva sobre a Lei Aldir Blanc"},"content":{"rendered":"<p style=\"text-align: justify;\">\ud83d\udce2 A fim de ouvir a comunidade e construir de forma participativa as pol\u00edticas culturais, realizamos ontem a Oitiva sobre a Lei Aldir Blanc em nosso munic\u00edpio.<\/p>\n<p style=\"text-align: justify;\">\ud83d\udc65 O encontro reuniu fazedores de cultura, artistas, representantes da sociedade civil e da gest\u00e3o p\u00fablica, em um momento de di\u00e1logo aberto e democr\u00e1tico. A troca de ideias e sugest\u00f5es foi fundamental para definir juntos os crit\u00e9rios de distribui\u00e7\u00e3o dos recursos, fortalecendo ainda mais o setor cultural local.<\/p>\n<p style=\"text-align: justify;\">\ud83c\udfad A cultura de Soledade de Minas segue sendo valorizada e constru\u00edda coletivamente, com transpar\u00eancia e participa\u00e7\u00e3o popular! \u2728<\/p>\n<p style=\"text-align: justify;\">#LeiAldirBlanc #Cultura #SoledadeDeMinas #Gest\u00e3o2025_2028<\/p>\n","protected":false},"excerpt":{"rendered":"<p>\ud83d\udce2 A fim de ouvir a comunidade e construir de [&hellip;]<\/p>\n","protected":false},"author":1,"featured_media":1618,"comment_status":"closed","ping_status":"closed","sticky":false,"template":"","format":"standard","meta":[],"categories":[18,14],"tags":[],"_links":{"self":[{"href":"https:\/\/www.soledadedeminas.mg.gov.br\/v1\/wp-json\/wp\/v2\/posts\/1617"}],"collection":[{"href":"https:\/\/www.soledadedeminas.mg.gov.br\/v1\/wp-json\/wp\/v2\/posts"}],"about":[{"href":"https:\/\/www.soledadedeminas.mg.gov.br\/v1\/wp-json\/wp\/v2\/types\/post"}],"author":[{"embeddable":true,"href":"https:\/\/www.soledadedeminas.mg.gov.br\/v1\/wp-json\/wp\/v2\/users\/1"}],"replies":[{"embeddable":true,"href":"https:\/\/www.soledadedeminas.mg.gov.br\/v1\/wp-json\/wp\/v2\/comments?post=1617"}],"version-history":[{"count":1,"href":"https:\/\/www.soledadedeminas.mg.gov.br\/v1\/wp-json\/wp\/v2\/posts\/1617\/revisions"}],"predecessor-version":[{"id":1619,"href":"https:\/\/www.soledadedeminas.mg.gov.br\/v1\/wp-json\/wp\/v2\/posts\/1617\/revisions\/1619"}],"wp:featuredmedia":[{"embeddable":true,"href":"https:\/\/www.soledadedeminas.mg.gov.br\/v1\/wp-json\/wp\/v2\/media\/1618"}],"wp:attachment":[{"href":"https:\/\/www.soledadedeminas.mg.gov.br\/v1\/wp-json\/wp\/v2\/media?parent=1617"}],"wp:term":[{"taxonomy":"category","embeddable":true,"href":"https:\/\/www.soledadedeminas.mg.gov.br\/v1\/wp-json\/wp\/v2\/categories?post=1617"},{"taxonomy":"post_tag","embeddable":true,"href":"https:\/\/www.soledadedeminas.mg.gov.br\/v1\/wp-json\/wp\/v2\/tags?post=1617"}],"curies":[{"name":"wp","href":"https:\/\/api.w.org\/{rel}","templated":true}]}}