{"id":1612,"date":"2025-08-26T01:15:12","date_gmt":"2025-08-26T01:15:12","guid":{"rendered":"https:\/\/www.soledadedeminas.mg.gov.br\/v1\/?p=1612"},"modified":"2025-09-01T14:56:11","modified_gmt":"2025-09-01T14:56:11","slug":"convocacao-oitiva-da-comunidade-lei-aldir-blanc","status":"publish","type":"post","link":"https:\/\/www.soledadedeminas.mg.gov.br\/v1\/convocacao-oitiva-da-comunidade-lei-aldir-blanc\/","title":{"rendered":"Convoca\u00e7\u00e3o: Oitiva da Comunidade (Lei Aldir Blanc)"},"content":{"rendered":"<p style=\"text-align: justify;\">PARTICIPE DA CONSTRU\u00c7\u00c3O CULTURAL DE SOLEDADE DE MINAS! \ud83c\udfb6\ud83c\udfad<\/p>\n<p style=\"text-align: justify;\">A Prefeitura Municipal, por meio do Departamento de Cultura e Turismo, convida toda a comunidade para a Oitiva da Comunidade da Lei Aldir Blanc.<\/p>\n<p style=\"text-align: justify;\">Este \u00e9 o momento de contribuir com ideias e sugest\u00f5es para a elabora\u00e7\u00e3o do Plano de Aplica\u00e7\u00e3o dos Recursos do Plano Nacional Aldir Blanc (PNAB), que vai fortalecer a cultura em nosso munic\u00edpio.<\/p>\n<p style=\"text-align: justify;\">\ud83d\uddd3 Data: 28 de agosto de 2025<br \/>\n\u23f0 Hor\u00e1rio: 18h<br \/>\n\ud83d\udccd Local: Centro Receptivo Audiovisual Pedro Alves<\/p>\n<p style=\"text-align: justify;\">Sua presen\u00e7a \u00e9 essencial para que possamos valorizar nossos artistas, preservar nossa identidade cultural e construir juntos o futuro da cultura em Soledade de Minas!<\/p>\n<p style=\"text-align: justify;\">Juntos por nossa gente! \ud83d\ude0d<\/p>\n<p style=\"text-align: justify;\">\ud83d\udd3a Prefeitura de Soledade de Minas<br \/>\n\ud83d\udcf1 (35) 9 9258-1253<br \/>\n\ud83d\udcbb P\u00e1gina Inicial<\/p>\n<p style=\"text-align: justify;\">#PrefeituraDeSoledadeDeMinas #SoledadeDeMinas #Cultura #LeiAldirBlanc #PNAB #Participa\u00e7\u00e3oPopular #ConstruindoJuntos<\/p>\n","protected":false},"excerpt":{"rendered":"<p>PARTICIPE DA CONSTRU\u00c7\u00c3O CULTURAL DE SOLEDADE DE MINAS! \ud83c\udfb6\ud83c\udfad A [&hellip;]<\/p>\n","protected":false},"author":1,"featured_media":1614,"comment_status":"closed","ping_status":"closed","sticky":false,"template":"","format":"standard","meta":[],"categories":[18,14],"tags":[],"_links":{"self":[{"href":"https:\/\/www.soledadedeminas.mg.gov.br\/v1\/wp-json\/wp\/v2\/posts\/1612"}],"collection":[{"href":"https:\/\/www.soledadedeminas.mg.gov.br\/v1\/wp-json\/wp\/v2\/posts"}],"about":[{"href":"https:\/\/www.soledadedeminas.mg.gov.br\/v1\/wp-json\/wp\/v2\/types\/post"}],"author":[{"embeddable":true,"href":"https:\/\/www.soledadedeminas.mg.gov.br\/v1\/wp-json\/wp\/v2\/users\/1"}],"replies":[{"embeddable":true,"href":"https:\/\/www.soledadedeminas.mg.gov.br\/v1\/wp-json\/wp\/v2\/comments?post=1612"}],"version-history":[{"count":2,"href":"https:\/\/www.soledadedeminas.mg.gov.br\/v1\/wp-json\/wp\/v2\/posts\/1612\/revisions"}],"predecessor-version":[{"id":1615,"href":"https:\/\/www.soledadedeminas.mg.gov.br\/v1\/wp-json\/wp\/v2\/posts\/1612\/revisions\/1615"}],"wp:featuredmedia":[{"embeddable":true,"href":"https:\/\/www.soledadedeminas.mg.gov.br\/v1\/wp-json\/wp\/v2\/media\/1614"}],"wp:attachment":[{"href":"https:\/\/www.soledadedeminas.mg.gov.br\/v1\/wp-json\/wp\/v2\/media?parent=1612"}],"wp:term":[{"taxonomy":"category","embeddable":true,"href":"https:\/\/www.soledadedeminas.mg.gov.br\/v1\/wp-json\/wp\/v2\/categories?post=1612"},{"taxonomy":"post_tag","embeddable":true,"href":"https:\/\/www.soledadedeminas.mg.gov.br\/v1\/wp-json\/wp\/v2\/tags?post=1612"}],"curies":[{"name":"wp","href":"https:\/\/api.w.org\/{rel}","templated":true}]}}