{"id":1539,"date":"2024-07-03T22:01:04","date_gmt":"2024-07-03T22:01:04","guid":{"rendered":"https:\/\/www.soledadedeminas.mg.gov.br\/v1\/?p=1539"},"modified":"2024-07-04T03:54:06","modified_gmt":"2024-07-04T03:54:06","slug":"edital-no-04-2024-lei-paulo-gustavo-prazo-de-inscricao-prorrogado","status":"publish","type":"post","link":"https:\/\/www.soledadedeminas.mg.gov.br\/v1\/edital-no-04-2024-lei-paulo-gustavo-prazo-de-inscricao-prorrogado\/","title":{"rendered":"Edital N\u00ba 04\/2024 \u2013 Lei Paulo Gustavo &#8211; Prazo de inscri\u00e7\u00e3o prorrogado!"},"content":{"rendered":"<p style=\"text-align: justify;\">Informamos que o prazo de Inscri\u00e7\u00f5es para o Edital n\u00ba04\/2024 da Lei Paulo Gustavo foi prorrogado por mais 02 dias. Dessa forma, os interessados ter\u00e3o at\u00e9 o dia 05 de julho de 2024 para efetuarem suas inscri\u00e7\u00f5es.<\/p>\n<p style=\"text-align: justify;\">Novo per\u00edodo: 27 de Junho de 2024 a 05 de Julho de 2024.<\/p>\n<p style=\"text-align: justify;\">Agradecemos a compreens\u00e3o e desejamos \u00e0 todos os participantes sucesso no processo seletivo.<\/p>\n<p style=\"text-align: justify;\">Juntos por nossa gente!<\/p>\n<p style=\"text-align: justify;\">Edital: <a href=\"https:\/\/www.soledadedeminas.mg.gov.br\/v1\/lei-paulo-gustavo\/\">Clique aqui<\/a><\/p>\n","protected":false},"excerpt":{"rendered":"<p>Informamos que o prazo de Inscri\u00e7\u00f5es para o Edital n\u00ba04\/2024 [&hellip;]<\/p>\n","protected":false},"author":1,"featured_media":1543,"comment_status":"closed","ping_status":"closed","sticky":false,"template":"","format":"standard","meta":[],"categories":[14],"tags":[],"_links":{"self":[{"href":"https:\/\/www.soledadedeminas.mg.gov.br\/v1\/wp-json\/wp\/v2\/posts\/1539"}],"collection":[{"href":"https:\/\/www.soledadedeminas.mg.gov.br\/v1\/wp-json\/wp\/v2\/posts"}],"about":[{"href":"https:\/\/www.soledadedeminas.mg.gov.br\/v1\/wp-json\/wp\/v2\/types\/post"}],"author":[{"embeddable":true,"href":"https:\/\/www.soledadedeminas.mg.gov.br\/v1\/wp-json\/wp\/v2\/users\/1"}],"replies":[{"embeddable":true,"href":"https:\/\/www.soledadedeminas.mg.gov.br\/v1\/wp-json\/wp\/v2\/comments?post=1539"}],"version-history":[{"count":2,"href":"https:\/\/www.soledadedeminas.mg.gov.br\/v1\/wp-json\/wp\/v2\/posts\/1539\/revisions"}],"predecessor-version":[{"id":1542,"href":"https:\/\/www.soledadedeminas.mg.gov.br\/v1\/wp-json\/wp\/v2\/posts\/1539\/revisions\/1542"}],"wp:featuredmedia":[{"embeddable":true,"href":"https:\/\/www.soledadedeminas.mg.gov.br\/v1\/wp-json\/wp\/v2\/media\/1543"}],"wp:attachment":[{"href":"https:\/\/www.soledadedeminas.mg.gov.br\/v1\/wp-json\/wp\/v2\/media?parent=1539"}],"wp:term":[{"taxonomy":"category","embeddable":true,"href":"https:\/\/www.soledadedeminas.mg.gov.br\/v1\/wp-json\/wp\/v2\/categories?post=1539"},{"taxonomy":"post_tag","embeddable":true,"href":"https:\/\/www.soledadedeminas.mg.gov.br\/v1\/wp-json\/wp\/v2\/tags?post=1539"}],"curies":[{"name":"wp","href":"https:\/\/api.w.org\/{rel}","templated":true}]}}