{"id":1046,"date":"2015-09-07T01:42:28","date_gmt":"2015-09-07T01:42:28","guid":{"rendered":"https:\/\/www.soledadedeminas.mg.gov.br\/v1\/?p=1046"},"modified":"2021-05-25T01:44:32","modified_gmt":"2021-05-25T01:44:32","slug":"07-de-setembro","status":"publish","type":"post","link":"https:\/\/www.soledadedeminas.mg.gov.br\/v1\/07-de-setembro\/","title":{"rendered":"07 de Setembro"},"content":{"rendered":"<p><strong>O 7 de setembro &#8211; import\u00e2ncia<\/strong><\/p>\n<p>O Dia 7 de setembro de 1822 foi muito importante na Hist\u00f3ria do Brasil, pois foi nesta data que o pr\u00edncipe regente Dom Pedro proclamou a Independ\u00eancia do Brasil. Desta forma, ficou oficializado o rompimento do v\u00ednculo de depend\u00eancia que o Brasil tinha com rela\u00e7\u00e3o a Portugal.<\/p>\n<p>&nbsp;<\/p>\n<p><strong>Contexto Hist\u00f3rico<\/strong><\/p>\n<p>Dom Pedro vinha sofrendo forte press\u00e3o das cortes portuguesas para retornar para Portugal. A metr\u00f3pole percebia que estava perdendo, aos poucos, o controle pol\u00edtico do Brasil. As cortes portuguesas demonstravam forte interesse em recolonizar o Brasil, eliminando focos de resist\u00eancia. A presen\u00e7a de Dom Pedro no Brasil atrapalhava estes interesses portugueses, por\u00e9m o pr\u00edncipe regente tamb\u00e9m sofria press\u00f5es da elite brasileira que estava \u00e1vida pela independ\u00eancia do pa\u00eds.<\/p>\n<p>&nbsp;<\/p>\n<p><strong>Como foi o 7 de setembro<\/strong><\/p>\n<p>Na tarde do dia 7 de setembro de 1822, Dom Pedro estava em S\u00e3o Paulo, nas proximidades do riacho do Ipiranga, ap\u00f3s retornar de uma viagem a Santos. Neste local, o pr\u00edncipe regente recebeu uma carta de um mensageiro. Nesta carta, as corte portuguesas exigiam obedi\u00eancia \u00e0s ordens portuguesas e seu retornou imediato a Portugal.<\/p>\n<p>Foi neste momento que Dom Pedro proclamou a independ\u00eancia do Brasil, com o famoso grito: \u201cIndepend\u00eancia ou Morte!\u201d. O fato hist\u00f3rico ficou conhecido nacionalmente como \u201cO Grito do Ipiranga\u201d.<\/p>\n<p>&nbsp;<\/p>\n<p><strong>Voc\u00ea sabia?<\/strong><\/p>\n<p>&#8211; A viagem que Dom Pedro estava fazendo, no come\u00e7o de setembro de 1822, a S\u00e3o Paulo tinha como objetivo resolver disputas pol\u00edticas na prov\u00edncia.<\/p>\n<p>&#8211; Dom Pedro I foi aclamado imperador do Brasil, no Rio de Janeiro, em 12 de outubro de 1822.<\/p>\n<p>&nbsp;<\/p>\n<p>&#8211; Somente em agosto de 1825, com intermedia\u00e7\u00e3o da Gr\u00e3-Bretanha, Portugal reconheceu a independ\u00eancia do Brasil.<\/p>\n","protected":false},"excerpt":{"rendered":"<p>O 7 de setembro &#8211; import\u00e2ncia O Dia 7 de [&hellip;]<\/p>\n","protected":false},"author":1,"featured_media":1047,"comment_status":"open","ping_status":"open","sticky":false,"template":"","format":"standard","meta":[],"categories":[14],"tags":[],"_links":{"self":[{"href":"https:\/\/www.soledadedeminas.mg.gov.br\/v1\/wp-json\/wp\/v2\/posts\/1046"}],"collection":[{"href":"https:\/\/www.soledadedeminas.mg.gov.br\/v1\/wp-json\/wp\/v2\/posts"}],"about":[{"href":"https:\/\/www.soledadedeminas.mg.gov.br\/v1\/wp-json\/wp\/v2\/types\/post"}],"author":[{"embeddable":true,"href":"https:\/\/www.soledadedeminas.mg.gov.br\/v1\/wp-json\/wp\/v2\/users\/1"}],"replies":[{"embeddable":true,"href":"https:\/\/www.soledadedeminas.mg.gov.br\/v1\/wp-json\/wp\/v2\/comments?post=1046"}],"version-history":[{"count":1,"href":"https:\/\/www.soledadedeminas.mg.gov.br\/v1\/wp-json\/wp\/v2\/posts\/1046\/revisions"}],"predecessor-version":[{"id":1048,"href":"https:\/\/www.soledadedeminas.mg.gov.br\/v1\/wp-json\/wp\/v2\/posts\/1046\/revisions\/1048"}],"wp:featuredmedia":[{"embeddable":true,"href":"https:\/\/www.soledadedeminas.mg.gov.br\/v1\/wp-json\/wp\/v2\/media\/1047"}],"wp:attachment":[{"href":"https:\/\/www.soledadedeminas.mg.gov.br\/v1\/wp-json\/wp\/v2\/media?parent=1046"}],"wp:term":[{"taxonomy":"category","embeddable":true,"href":"https:\/\/www.soledadedeminas.mg.gov.br\/v1\/wp-json\/wp\/v2\/categories?post=1046"},{"taxonomy":"post_tag","embeddable":true,"href":"https:\/\/www.soledadedeminas.mg.gov.br\/v1\/wp-json\/wp\/v2\/tags?post=1046"}],"curies":[{"name":"wp","href":"https:\/\/api.w.org\/{rel}","templated":true}]}}